{"id":4234,"date":"2024-12-03T16:47:00","date_gmt":"2024-12-03T21:47:00","guid":{"rendered":"https:\/\/brillamedia.com\/?p=4234"},"modified":"2025-02-26T16:15:21","modified_gmt":"2025-02-26T21:15:21","slug":"audible-nombra-la-serie-de-podcast-bistec-sobre-traicion-y-redencion-en-la-cuba-revolucionaria-como-una-de-sus-mejores-series-de-ficcion-de-2024","status":"publish","type":"post","link":"https:\/\/brillamedia.com\/es\/2024\/12\/audible-nombra-la-serie-de-podcast-bistec-sobre-traicion-y-redencion-en-la-cuba-revolucionaria-como-una-de-sus-mejores-series-de-ficcion-de-2024\/","title":{"rendered":"Audible nombra la serie de podcast \u2018Bistec\u2019 sobre traici\u00f3n y redenci\u00f3n en la Cuba revolucionaria como una de sus mejores series de ficci\u00f3n de 2024"},"content":{"rendered":"\n<blockquote class=\"wp-block-quote is-layout-flow wp-block-quote-is-layout-flow\">\n<p><em>\u2014 El creciente reconocimiento acerca a \u2018Bistec\u2019 a cumplir su objetivo original de producci\u00f3n cinematogr\u00e1fica internacional \u2014<\/em><\/p>\n\n\n\n<p><em>\u2014 El fotolibro \u2018Surreal Cuba\u2019 que inspir\u00f3 la historia de \u2018Bistec\u2019 se lanzar\u00e1 a principios de 2025 \u2014<\/em><\/p>\n<\/blockquote>\n\n\n\n<p>MIAMI, FL \u2014 3 de diciembre de 2024 \u2014 (<a href=\"https:\/\/www.noticiasnewswire.com\/es\/\" target=\"_blank\" rel=\"noreferrer noopener\">NOTICIAS NEWSWIRE<\/a>) \u2014&nbsp;Audible, l\u00edder global en audio, ha nombrado a la serie de podcast biling\u00fce \u2018<a href=\"https:\/\/youtube.com\/playlist?list=PL0N3bjDrr3J7aROIa5j0GGHN4-OsM0ITw&amp;si=sGsv2v8SQUUgpEGU\" target=\"_blank\" rel=\"noreferrer noopener\">Bistec<\/a>\u2019, una serie de audio de ocho episodios sobre la traici\u00f3n y la redenci\u00f3n en la Cuba revolucionaria, como una de las ganadoras de su lista \u201cLo Mejor del A\u00f1o 2024\u201d en la categor\u00eda de ficci\u00f3n.<\/p>\n\n\n\n<p>El premio inaugural de Audible se est\u00e1 promocionando ampliamente en su plataforma como parte de una campa\u00f1a medi\u00e1tica que tambi\u00e9n destaca lo mejor de 2024 en audiolibros, podcasts y originales. La lista completa de ganadores se puede consultar en<a href=\"https:\/\/www.audible.com\/es_US\" target=\"_blank\" rel=\"noreferrer noopener\">&nbsp;https:\/\/www.audible.com\/es_US<\/a>.<\/p>\n\n\n\n<p>\u201cEs un honor incre\u00edble para m\u00ed y para todo el equipo de productores, actores, editores y m\u00fasicos que se unieron para contar esta historia\u201d, expres\u00f3&nbsp;<a href=\"https:\/\/www.instagram.com\/manuel.ruiz.barrera\/\" target=\"_blank\" rel=\"noreferrer noopener\">Manuel Ruiz-Barrera<\/a>, escritor y director del drama hist\u00f3rico, y cofundador de Nuestro Studios, una divisi\u00f3n de Nuestro Stories y Brilla Media que produjo \u2018Bistec\u2019. \u201cEste prestigioso reconocimiento, junto con las masivas visualizaciones y escuchas que hemos generado en plataformas digitales, subraya por qu\u00e9 la historia atemporal y actual de \u2018Bistec\u2019 debe llegar a la pantalla grande, que es nuestro objetivo final\u201d.<\/p>\n\n\n\n<p>Tras su exitoso debut en verano, \u2018Bistec\u2019 ha generado m\u00e1s de 1.5 millones de visualizaciones y escuchas en m\u00faltiples plataformas digitales en espa\u00f1ol e ingl\u00e9s, incluidas&nbsp;<a href=\"https:\/\/youtube.com\/playlist?list=PL0N3bjDrr3J7aROIa5j0GGHN4-OsM0ITw&amp;si=sGsv2v8SQUUgpEGU\" target=\"_blank\" rel=\"noreferrer noopener\">YouTube<\/a>,&nbsp;<a href=\"https:\/\/podcasts.apple.com\/us\/podcast\/bistec\/id1756326918\" target=\"_blank\" rel=\"noreferrer noopener\">Apple Podcasts<\/a>,&nbsp;<a href=\"https:\/\/open.spotify.com\/show\/7AEQmx52odNTzsaJrjQNi2?si=de25220cae5f42a2\" target=\"_blank\" rel=\"noreferrer noopener\">Spotify<\/a>, Audible, Instagram y m\u00e1s. (El tr\u00e1iler visual de la serie de audio, que representa la pr\u00f3xima etapa de lo que los productores creen que se convertir\u00e1 en un largometraje, puede verse&nbsp;<a href=\"https:\/\/www.youtube.com\/watch?v=QTFJliq6CIA&amp;list=PL0N3bjDrr3J7aROIa5j0GGHN4-OsM0ITw&amp;index=1\" target=\"_blank\" rel=\"noreferrer noopener\">aqu\u00ed<\/a>).&nbsp;&nbsp;<\/p>\n\n\n\n<p>Como parte de la siguiente etapa del proyecto cinematogr\u00e1fico de \u2018Bistec\u2019, los productores est\u00e1n a punto de lanzar las preventas del fotolibro relacionado titulado \u2018Surreal Cuba\u2019, que se lanzar\u00e1 a principios de 2025.<\/p>\n\n\n\n<h3 class=\"wp-block-heading\"><strong>La historia detr\u00e1s de \u2018Bistec\u2019<\/strong><\/h3>\n\n\n\n<p>Producida por Nuestro Studios, una divisi\u00f3n de Brilla Media Ventures, \u2018Bistec\u2019 es la impactante historia de un veterano revolucionario cubano y lo que ocurre cuando uno de los disidentes m\u00e1s prominentes de la naci\u00f3n se muda a su vecindario, revelando secretos, trastocando vidas y poniendo a prueba lealtades. Ambientada durante el 50.\u00ba aniversario de la Revoluci\u00f3n Cubana en 2009, \u2018Bistec\u2019 explora el mundo contempor\u00e1neo del enigm\u00e1tico sistema de vigilancia y delaci\u00f3n de Cuba, todo enmarcado en una narrativa emotiva y cautivadora llena de giros inesperados.<\/p>\n\n\n\n<p>Este es el primer relato que profundiza en el mundo secreto de los ampliamente despreciados pero poco conocidos Comit\u00e9s de Defensa de la Revoluci\u00f3n (CDR), el aparato gubernamental barrial que Fidel Castro valoraba tanto que lo llam\u00f3 \u201cla vanguardia de la Revoluci\u00f3n\u201d.<\/p>\n\n\n\n<p>\u2018Bistec\u2019 se basa en eventos de la vida de Micaela Ruiz, la difunta abuela poeta del escritor Ruiz-Barrera, as\u00ed como en las extra\u00f1as aventuras que vivi\u00f3 durante cuatro viajes de fotograf\u00eda documental que realiz\u00f3 a Cuba en los a\u00f1os 90. Los disidentes prominentes Amaury Pacheco del Monte y su esposa Iris Hern\u00e1ndez, cofundadores del Movimiento San Isidro, sirvieron como consultores clave de la historia y tambi\u00e9n interpretan personajes en la serie.<\/p>\n\n\n\n<p>Para m\u00e1s informaci\u00f3n sobre \u2018Bistec\u2019 o para apoyar la producci\u00f3n de la pel\u00edcula, sigue @Bistec.Film en Instagram o visita nuestro sitio web en<a href=\"http:\/\/www.bistecfilm.com\/\" target=\"_blank\" rel=\"noreferrer noopener\">&nbsp;www.BistecFilm.com<\/a>. Tambi\u00e9n estamos en Facebook:<a href=\"https:\/\/www.facebook.com\/BistecFilm\" target=\"_blank\" rel=\"noreferrer noopener\">&nbsp;https:\/\/www.facebook.com\/BistecFilm<\/a>.<\/p>\n\n\n\n<h3 class=\"wp-block-heading\"><strong>Productores y elenco<\/strong><\/h3>\n\n\n\n<p>Adaptada de un gui\u00f3n escrito hace 15 a\u00f1os por Ruiz-Barrera, y magistralmente editada y con ingenier\u00eda de sonido por Jaime Almiral, Jr, la serie tom\u00f3 15 meses para producirse. Adem\u00e1s de Pacheco y Hern\u00e1ndez, la producci\u00f3n tambi\u00e9n fue anclada por Ernesto Fundora, quien fue asistente de direcci\u00f3n, productor asociado y consultor de historia, as\u00ed como Efra\u00edn Gonz\u00e1lez y F\u00e9lix Montelara, quienes fueron productores ejecutivos de la serie, y Elena Ruiz, quien sirvi\u00f3 como productora asociada.<\/p>\n\n\n\n<p>Bistec cuenta con un elenco de actores, m\u00fasicos y productores con m\u00e1s de 60 novelas y 12 cr\u00e9ditos en largometrajes entre ellos. El equipo de producci\u00f3n incluye venezolanos, nicarag\u00fcenses, puertorrique\u00f1os, dominicanos, peruanos, mexicanos y colombianos.<\/p>\n\n\n\n<p>El talento de Bistec representa a todas las generaciones de cubanos, incluidos hijos de disidentes, el influencer de TikTok y artista de hip-hop&nbsp;<a href=\"https:\/\/www.tiktok.com\/@jawndarko\" target=\"_blank\" rel=\"noreferrer noopener\">Jawndarko<\/a>, y la influencer venezolana y actriz&nbsp;<a href=\"https:\/\/www.instagram.com\/lauratermini\/?hl=en\" target=\"_blank\" rel=\"noreferrer noopener\">Laura Termini<\/a>. La banda sonora de \u2018Bistec\u2019, \u2018Canci\u00f3n de un Disidente\u2019, fue compuesta por el Maestro&nbsp;<a href=\"https:\/\/miamiworldmusicfestival.com\/Artists\/Alberto_Bade.php\" target=\"_blank\" rel=\"noreferrer noopener\">Alberto Bade<\/a>, ganador de nueve premios EMMY, y cuenta con una hermosa interpretaci\u00f3n de la Orquesta de la Universidad de Miami.<\/p>\n\n\n\n<p>El elenco de \u2018Bistec\u2019 en espa\u00f1ol e ingl\u00e9s incluye a Albertico Pujol y Roberto Escobar como Echauri Su\u00e1rez, Adri\u00e1n Mas y Ren\u00e9 Granado como Orlando Contreras, Vivian Ruiz y Mayte Vil\u00e1n como Micaela Mart\u00ednez, Mauricio Renter\u00eda y Ren\u00e9 Lavan como el Coronel Ramiro Roca, Laura Termini como Hortensia, Amaury Pacheco Del Monte y Robert Ramos como Vizca\u00edno \u201cEl Bizco\u201d, Andy Barbosa como Vladimir Su\u00e1rez, Omar Gonz\u00e1lez y Michael Ferreiro como Orlandito Contreras, Iris Hern\u00e1ndez y Maggie Zafra como Cecilia, y Alejandra Cossio y Melissa Ann Hubiscsak como Marlene Presley.<\/p>\n\n\n\n<p>Los actores de voz adicionales incluyen a los narradores Ray Guiu, Gregg Weiner y Scott Fortney. Tambien incluyen a Frank Egusquiza, Teresa Rodr\u00edguez, Ramon\u00edn Veloz, Efra\u00edn Gonz\u00e1lez, Cecilia \u201cCeci\u201d D\u00edaz Arguelle, Rick Najera, Julian Najera, Jeffrey Batista, Juan Camilo Jurado, Tanya Cecilia D\u00edaz, Alex Hern\u00e1ndez, Naomi Ruiz, Briani Ruiz, Katherine Costa, Rameh Ali Echeverri y Manuel Ruiz-Barrera.<\/p>\n\n\n\n<p>La m\u00fasica adicional fue producida y\/o interpretada por Federico Colloca, Elimir Colloca, Leandro Tresero y Luthier, Bernardo Izaguirre, Alfredo Chac\u00f3n, Odalys Salina, Humberto Casanova, Juan A. D\u00edaz, Lianet Ulloa, L\u00e1zaro Fundora, Pavel de la Noval y Bernardo Izaguirre.<\/p>\n\n\n\n<p>Los productores ejecutivos adicionales incluyen a Armando Azarloza, Santiago Eljaiek, III, Lourdes Castillo y&nbsp;<a href=\"https:\/\/www.linkedin.com\/in\/angela-sustaita-ruiz\/\" target=\"_blank\" rel=\"noreferrer noopener\">Angela Sustaita-Ruiz<\/a>.<\/p>\n\n\n\n<p>El p\u00f3ster de Bistec fue dise\u00f1ado por Hiram Henriquez. El reparto fue dirigido por Ana Braga Morfi.<\/p>\n\n\n\n<p>La distribuci\u00f3n de medios y marketing est\u00e1 siendo manejada por Brilla Media Ventures y Audio Dice Network. Los productores agradecen la colaboraci\u00f3n de la Escuela de M\u00fasica de la Universidad de Miami, Ochenta Studio, Ralph Rivera, Celines Toribio, Piera Garibaldi, Katherine Costa y Robert Armband. Bistec fue grabado en South Point Productions y Panoramik Audio. Tambi\u00e9n est\u00e1n agradecidos a las contribuciones de Iris Fraga, Pedro Fraga, Ravi Baichwal, Yolanda y Jose Garcia, Michael Ortega, Sonia Diaz, y Cristy Clavijo-Kish.<\/p>\n\n\n\n<p>Para saber m\u00e1s sobre Bistec o apoyar la producci\u00f3n de la pel\u00edcula, siga&nbsp;<a href=\"https:\/\/instagram.com\/Bistec.Film\" target=\"_blank\" rel=\"noreferrer noopener\">@Bistec.Film<\/a>&nbsp;en Instagram o visite nuestro sitio web en&nbsp;<a href=\"https:\/\/www.bistecfilm.com\/\" target=\"_blank\" rel=\"noreferrer noopener\">www.BistecFilm.com<\/a>. Bistec tambi\u00e9n est\u00e1 en Facebook en&nbsp;<a href=\"https:\/\/www.facebook.com\/BistecFilm\" target=\"_blank\" rel=\"noreferrer noopener\">https:\/\/www.facebook.com\/BistecFilm<\/a>.<\/p>\n\n\n\n<h3 class=\"wp-block-heading\"><strong>Acerca de Brilla Media Ventures<\/strong><\/h3>\n\n\n\n<p>Brilla Media Ventures proporciona contenido cultural atractivo para los especialistas en marketing multicultural a trav\u00e9s de sus plataformas propias y operadas, como\u00a0<a href=\"https:\/\/www.nuestrostories.com\/\" target=\"_blank\" rel=\"noreferrer noopener\">Nuestro Stories<\/a>,\u00a0<a href=\"https:\/\/www.minivela.com\/\" target=\"_blank\" rel=\"noreferrer noopener\">Minivela<\/a>, Nuestro Studios y Brilla Latina. Las ofertas tambi\u00e9n incluyen servicios de tecnolog\u00eda publicitaria program\u00e1tica para entregas escalables de medios, cortometrajes digitales, marketing con influencers, servicios creativos de estudios y activaciones de marca.<\/p>\n\n\n\n<p>Brilla Media es una empresa certificada como Propiedad de Minor\u00edas (MBE) por el Consejo Nacional de Desarrollo de Proveedores de Minor\u00edas (NMSDC). La compa\u00f1\u00eda est\u00e1 dirigida por Angela Sustaita-Ruiz, su presidenta, y Manny Ruiz, creadores de Hispanicize y pioneros en la industria de los medios hispanos, el marketing social y con influencers, as\u00ed como en la primera red de empresas hispanas de medios impresos en l\u00ednea.<\/p>\n","protected":false},"excerpt":{"rendered":"<p>\u2014 El creciente reconocimiento acerca a \u2018Bistec\u2019 a cumplir su objetivo original de producci\u00f3n cinematogr\u00e1fica internacional \u2014 \u2014 El fotolibro \u2018Surreal Cuba\u2019 que inspir\u00f3 la historia de \u2018Bistec\u2019 se lanzar\u00e1 a principios de 2025 \u2014 MIAMI, FL \u2014 3 de diciembre de 2024 \u2014 (NOTICIAS NEWSWIRE) \u2014&nbsp;Audible, l\u00edder global en audio, ha nombrado a la [&hellip;]<\/p>\n","protected":false},"author":1,"featured_media":4131,"comment_status":"open","ping_status":"open","sticky":false,"template":"","format":"standard","meta":{"_acf_changed":false,"footnotes":""},"categories":[81],"tags":[],"class_list":["post-4234","post","type-post","status-publish","format-standard","has-post-thumbnail","hentry","category-noticias"],"acf":[],"yoast_head":"<!-- This site is optimized with the Yoast SEO plugin v27.3 - https:\/\/yoast.com\/product\/yoast-seo-wordpress\/ -->\n<title>Audible nombra la serie de podcast \u2018Bistec\u2019 sobre traici\u00f3n y redenci\u00f3n en la Cuba revolucionaria como una de sus mejores series de ficci\u00f3n de 2024 - Brilla Media<\/title>\n<meta name=\"robots\" content=\"index, follow, max-snippet:-1, max-image-preview:large, max-video-preview:-1\" \/>\n<link rel=\"canonical\" href=\"https:\/\/brillamedia.com\/es\/2024\/12\/audible-nombra-la-serie-de-podcast-bistec-sobre-traicion-y-redencion-en-la-cuba-revolucionaria-como-una-de-sus-mejores-series-de-ficcion-de-2024\/\" \/>\n<meta property=\"og:locale\" content=\"es_ES\" \/>\n<meta property=\"og:type\" content=\"article\" \/>\n<meta property=\"og:title\" content=\"Audible nombra la serie de podcast \u2018Bistec\u2019 sobre traici\u00f3n y redenci\u00f3n en la Cuba revolucionaria como una de sus mejores series de ficci\u00f3n de 2024 - Brilla Media\" \/>\n<meta property=\"og:description\" content=\"\u2014 El creciente reconocimiento acerca a \u2018Bistec\u2019 a cumplir su objetivo original de producci\u00f3n cinematogr\u00e1fica internacional \u2014 \u2014 El fotolibro \u2018Surreal Cuba\u2019 que inspir\u00f3 la historia de \u2018Bistec\u2019 se lanzar\u00e1 a principios de 2025 \u2014 MIAMI, FL \u2014 3 de diciembre de 2024 \u2014 (NOTICIAS NEWSWIRE) \u2014&nbsp;Audible, l\u00edder global en audio, ha nombrado a la [&hellip;]\" \/>\n<meta property=\"og:url\" content=\"https:\/\/brillamedia.com\/es\/2024\/12\/audible-nombra-la-serie-de-podcast-bistec-sobre-traicion-y-redencion-en-la-cuba-revolucionaria-como-una-de-sus-mejores-series-de-ficcion-de-2024\/\" \/>\n<meta property=\"og:site_name\" content=\"Brilla Media\" \/>\n<meta property=\"article:published_time\" content=\"2024-12-03T21:47:00+00:00\" \/>\n<meta property=\"article:modified_time\" content=\"2025-02-26T21:15:21+00:00\" \/>\n<meta property=\"og:image\" content=\"https:\/\/brillamedia.com\/wp-content\/uploads\/2025\/02\/post-audible-names.jpg\" \/>\n\t<meta property=\"og:image:width\" content=\"695\" \/>\n\t<meta property=\"og:image:height\" content=\"463\" \/>\n\t<meta property=\"og:image:type\" content=\"image\/jpeg\" \/>\n<meta name=\"author\" content=\"brillamediatech\" \/>\n<meta name=\"twitter:card\" content=\"summary_large_image\" \/>\n<meta name=\"twitter:label1\" content=\"Escrito por\" \/>\n\t<meta name=\"twitter:data1\" content=\"brillamediatech\" \/>\n\t<meta name=\"twitter:label2\" content=\"Tiempo de lectura\" \/>\n\t<meta name=\"twitter:data2\" content=\"6 minutos\" \/>\n<script type=\"application\/ld+json\" class=\"yoast-schema-graph\">{\"@context\":\"https:\\\/\\\/schema.org\",\"@graph\":[{\"@type\":\"Article\",\"@id\":\"https:\\\/\\\/brillamedia.com\\\/es\\\/2024\\\/12\\\/audible-nombra-la-serie-de-podcast-bistec-sobre-traicion-y-redencion-en-la-cuba-revolucionaria-como-una-de-sus-mejores-series-de-ficcion-de-2024\\\/#article\",\"isPartOf\":{\"@id\":\"https:\\\/\\\/brillamedia.com\\\/es\\\/2024\\\/12\\\/audible-nombra-la-serie-de-podcast-bistec-sobre-traicion-y-redencion-en-la-cuba-revolucionaria-como-una-de-sus-mejores-series-de-ficcion-de-2024\\\/\"},\"author\":{\"name\":\"brillamediatech\",\"@id\":\"https:\\\/\\\/brillamedia.com\\\/#\\\/schema\\\/person\\\/8e8819b5570735c69de0cbb1e15086ee\"},\"headline\":\"Audible nombra la serie de podcast \u2018Bistec\u2019 sobre traici\u00f3n y redenci\u00f3n en la Cuba revolucionaria como una de sus mejores series de ficci\u00f3n de 2024\",\"datePublished\":\"2024-12-03T21:47:00+00:00\",\"dateModified\":\"2025-02-26T21:15:21+00:00\",\"mainEntityOfPage\":{\"@id\":\"https:\\\/\\\/brillamedia.com\\\/es\\\/2024\\\/12\\\/audible-nombra-la-serie-de-podcast-bistec-sobre-traicion-y-redencion-en-la-cuba-revolucionaria-como-una-de-sus-mejores-series-de-ficcion-de-2024\\\/\"},\"wordCount\":1334,\"commentCount\":0,\"publisher\":{\"@id\":\"https:\\\/\\\/brillamedia.com\\\/#organization\"},\"image\":{\"@id\":\"https:\\\/\\\/brillamedia.com\\\/es\\\/2024\\\/12\\\/audible-nombra-la-serie-de-podcast-bistec-sobre-traicion-y-redencion-en-la-cuba-revolucionaria-como-una-de-sus-mejores-series-de-ficcion-de-2024\\\/#primaryimage\"},\"thumbnailUrl\":\"https:\\\/\\\/brillamedia.com\\\/wp-content\\\/uploads\\\/2025\\\/02\\\/post-audible-names.jpg\",\"articleSection\":[\"Noticias\"],\"inLanguage\":\"es\",\"potentialAction\":[{\"@type\":\"CommentAction\",\"name\":\"Comment\",\"target\":[\"https:\\\/\\\/brillamedia.com\\\/es\\\/2024\\\/12\\\/audible-nombra-la-serie-de-podcast-bistec-sobre-traicion-y-redencion-en-la-cuba-revolucionaria-como-una-de-sus-mejores-series-de-ficcion-de-2024\\\/#respond\"]}]},{\"@type\":\"WebPage\",\"@id\":\"https:\\\/\\\/brillamedia.com\\\/es\\\/2024\\\/12\\\/audible-nombra-la-serie-de-podcast-bistec-sobre-traicion-y-redencion-en-la-cuba-revolucionaria-como-una-de-sus-mejores-series-de-ficcion-de-2024\\\/\",\"url\":\"https:\\\/\\\/brillamedia.com\\\/es\\\/2024\\\/12\\\/audible-nombra-la-serie-de-podcast-bistec-sobre-traicion-y-redencion-en-la-cuba-revolucionaria-como-una-de-sus-mejores-series-de-ficcion-de-2024\\\/\",\"name\":\"Audible nombra la serie de podcast \u2018Bistec\u2019 sobre traici\u00f3n y redenci\u00f3n en la Cuba revolucionaria como una de sus mejores series de ficci\u00f3n de 2024 - Brilla Media\",\"isPartOf\":{\"@id\":\"https:\\\/\\\/brillamedia.com\\\/#website\"},\"primaryImageOfPage\":{\"@id\":\"https:\\\/\\\/brillamedia.com\\\/es\\\/2024\\\/12\\\/audible-nombra-la-serie-de-podcast-bistec-sobre-traicion-y-redencion-en-la-cuba-revolucionaria-como-una-de-sus-mejores-series-de-ficcion-de-2024\\\/#primaryimage\"},\"image\":{\"@id\":\"https:\\\/\\\/brillamedia.com\\\/es\\\/2024\\\/12\\\/audible-nombra-la-serie-de-podcast-bistec-sobre-traicion-y-redencion-en-la-cuba-revolucionaria-como-una-de-sus-mejores-series-de-ficcion-de-2024\\\/#primaryimage\"},\"thumbnailUrl\":\"https:\\\/\\\/brillamedia.com\\\/wp-content\\\/uploads\\\/2025\\\/02\\\/post-audible-names.jpg\",\"datePublished\":\"2024-12-03T21:47:00+00:00\",\"dateModified\":\"2025-02-26T21:15:21+00:00\",\"breadcrumb\":{\"@id\":\"https:\\\/\\\/brillamedia.com\\\/es\\\/2024\\\/12\\\/audible-nombra-la-serie-de-podcast-bistec-sobre-traicion-y-redencion-en-la-cuba-revolucionaria-como-una-de-sus-mejores-series-de-ficcion-de-2024\\\/#breadcrumb\"},\"inLanguage\":\"es\",\"potentialAction\":[{\"@type\":\"ReadAction\",\"target\":[\"https:\\\/\\\/brillamedia.com\\\/es\\\/2024\\\/12\\\/audible-nombra-la-serie-de-podcast-bistec-sobre-traicion-y-redencion-en-la-cuba-revolucionaria-como-una-de-sus-mejores-series-de-ficcion-de-2024\\\/\"]}]},{\"@type\":\"ImageObject\",\"inLanguage\":\"es\",\"@id\":\"https:\\\/\\\/brillamedia.com\\\/es\\\/2024\\\/12\\\/audible-nombra-la-serie-de-podcast-bistec-sobre-traicion-y-redencion-en-la-cuba-revolucionaria-como-una-de-sus-mejores-series-de-ficcion-de-2024\\\/#primaryimage\",\"url\":\"https:\\\/\\\/brillamedia.com\\\/wp-content\\\/uploads\\\/2025\\\/02\\\/post-audible-names.jpg\",\"contentUrl\":\"https:\\\/\\\/brillamedia.com\\\/wp-content\\\/uploads\\\/2025\\\/02\\\/post-audible-names.jpg\",\"width\":695,\"height\":463},{\"@type\":\"BreadcrumbList\",\"@id\":\"https:\\\/\\\/brillamedia.com\\\/es\\\/2024\\\/12\\\/audible-nombra-la-serie-de-podcast-bistec-sobre-traicion-y-redencion-en-la-cuba-revolucionaria-como-una-de-sus-mejores-series-de-ficcion-de-2024\\\/#breadcrumb\",\"itemListElement\":[{\"@type\":\"ListItem\",\"position\":1,\"name\":\"Home\",\"item\":\"https:\\\/\\\/brillamedia.com\\\/es\\\/\"},{\"@type\":\"ListItem\",\"position\":2,\"name\":\"Audible nombra la serie de podcast \u2018Bistec\u2019 sobre traici\u00f3n y redenci\u00f3n en la Cuba revolucionaria como una de sus mejores series de ficci\u00f3n de 2024\"}]},{\"@type\":\"WebSite\",\"@id\":\"https:\\\/\\\/brillamedia.com\\\/#website\",\"url\":\"https:\\\/\\\/brillamedia.com\\\/\",\"name\":\"Brilla Media\",\"description\":\"Diverse-Owned Media Company Devoted To Latino Heritage\",\"publisher\":{\"@id\":\"https:\\\/\\\/brillamedia.com\\\/#organization\"},\"potentialAction\":[{\"@type\":\"SearchAction\",\"target\":{\"@type\":\"EntryPoint\",\"urlTemplate\":\"https:\\\/\\\/brillamedia.com\\\/?s={search_term_string}\"},\"query-input\":{\"@type\":\"PropertyValueSpecification\",\"valueRequired\":true,\"valueName\":\"search_term_string\"}}],\"inLanguage\":\"es\"},{\"@type\":\"Organization\",\"@id\":\"https:\\\/\\\/brillamedia.com\\\/#organization\",\"name\":\"Brilla Media\",\"url\":\"https:\\\/\\\/brillamedia.com\\\/\",\"logo\":{\"@type\":\"ImageObject\",\"inLanguage\":\"es\",\"@id\":\"https:\\\/\\\/brillamedia.com\\\/#\\\/schema\\\/logo\\\/image\\\/\",\"url\":\"https:\\\/\\\/brillamedia.com\\\/wp-content\\\/uploads\\\/2024\\\/08\\\/Brilla-Logo_2025.png\",\"contentUrl\":\"https:\\\/\\\/brillamedia.com\\\/wp-content\\\/uploads\\\/2024\\\/08\\\/Brilla-Logo_2025.png\",\"width\":322,\"height\":213,\"caption\":\"Brilla Media\"},\"image\":{\"@id\":\"https:\\\/\\\/brillamedia.com\\\/#\\\/schema\\\/logo\\\/image\\\/\"}},{\"@type\":\"Person\",\"@id\":\"https:\\\/\\\/brillamedia.com\\\/#\\\/schema\\\/person\\\/8e8819b5570735c69de0cbb1e15086ee\",\"name\":\"brillamediatech\",\"image\":{\"@type\":\"ImageObject\",\"inLanguage\":\"es\",\"@id\":\"https:\\\/\\\/secure.gravatar.com\\\/avatar\\\/0452c05aa1ae00477129931c4ac7840a5061f7383223a1c9e5c75c82dd27d22b?s=96&d=mm&r=g\",\"url\":\"https:\\\/\\\/secure.gravatar.com\\\/avatar\\\/0452c05aa1ae00477129931c4ac7840a5061f7383223a1c9e5c75c82dd27d22b?s=96&d=mm&r=g\",\"contentUrl\":\"https:\\\/\\\/secure.gravatar.com\\\/avatar\\\/0452c05aa1ae00477129931c4ac7840a5061f7383223a1c9e5c75c82dd27d22b?s=96&d=mm&r=g\",\"caption\":\"brillamediatech\"},\"sameAs\":[\"https:\\\/\\\/brillamedia.com\"],\"url\":\"https:\\\/\\\/brillamedia.com\\\/es\\\/author\\\/brillamediatech\\\/\"}]}<\/script>\n<!-- \/ Yoast SEO plugin. -->","yoast_head_json":{"title":"Audible nombra la serie de podcast \u2018Bistec\u2019 sobre traici\u00f3n y redenci\u00f3n en la Cuba revolucionaria como una de sus mejores series de ficci\u00f3n de 2024 - Brilla Media","robots":{"index":"index","follow":"follow","max-snippet":"max-snippet:-1","max-image-preview":"max-image-preview:large","max-video-preview":"max-video-preview:-1"},"canonical":"https:\/\/brillamedia.com\/es\/2024\/12\/audible-nombra-la-serie-de-podcast-bistec-sobre-traicion-y-redencion-en-la-cuba-revolucionaria-como-una-de-sus-mejores-series-de-ficcion-de-2024\/","og_locale":"es_ES","og_type":"article","og_title":"Audible nombra la serie de podcast \u2018Bistec\u2019 sobre traici\u00f3n y redenci\u00f3n en la Cuba revolucionaria como una de sus mejores series de ficci\u00f3n de 2024 - Brilla Media","og_description":"\u2014 El creciente reconocimiento acerca a \u2018Bistec\u2019 a cumplir su objetivo original de producci\u00f3n cinematogr\u00e1fica internacional \u2014 \u2014 El fotolibro \u2018Surreal Cuba\u2019 que inspir\u00f3 la historia de \u2018Bistec\u2019 se lanzar\u00e1 a principios de 2025 \u2014 MIAMI, FL \u2014 3 de diciembre de 2024 \u2014 (NOTICIAS NEWSWIRE) \u2014&nbsp;Audible, l\u00edder global en audio, ha nombrado a la [&hellip;]","og_url":"https:\/\/brillamedia.com\/es\/2024\/12\/audible-nombra-la-serie-de-podcast-bistec-sobre-traicion-y-redencion-en-la-cuba-revolucionaria-como-una-de-sus-mejores-series-de-ficcion-de-2024\/","og_site_name":"Brilla Media","article_published_time":"2024-12-03T21:47:00+00:00","article_modified_time":"2025-02-26T21:15:21+00:00","og_image":[{"width":695,"height":463,"url":"https:\/\/brillamedia.com\/wp-content\/uploads\/2025\/02\/post-audible-names.jpg","type":"image\/jpeg"}],"author":"brillamediatech","twitter_card":"summary_large_image","twitter_misc":{"Escrito por":"brillamediatech","Tiempo de lectura":"6 minutos"},"schema":{"@context":"https:\/\/schema.org","@graph":[{"@type":"Article","@id":"https:\/\/brillamedia.com\/es\/2024\/12\/audible-nombra-la-serie-de-podcast-bistec-sobre-traicion-y-redencion-en-la-cuba-revolucionaria-como-una-de-sus-mejores-series-de-ficcion-de-2024\/#article","isPartOf":{"@id":"https:\/\/brillamedia.com\/es\/2024\/12\/audible-nombra-la-serie-de-podcast-bistec-sobre-traicion-y-redencion-en-la-cuba-revolucionaria-como-una-de-sus-mejores-series-de-ficcion-de-2024\/"},"author":{"name":"brillamediatech","@id":"https:\/\/brillamedia.com\/#\/schema\/person\/8e8819b5570735c69de0cbb1e15086ee"},"headline":"Audible nombra la serie de podcast \u2018Bistec\u2019 sobre traici\u00f3n y redenci\u00f3n en la Cuba revolucionaria como una de sus mejores series de ficci\u00f3n de 2024","datePublished":"2024-12-03T21:47:00+00:00","dateModified":"2025-02-26T21:15:21+00:00","mainEntityOfPage":{"@id":"https:\/\/brillamedia.com\/es\/2024\/12\/audible-nombra-la-serie-de-podcast-bistec-sobre-traicion-y-redencion-en-la-cuba-revolucionaria-como-una-de-sus-mejores-series-de-ficcion-de-2024\/"},"wordCount":1334,"commentCount":0,"publisher":{"@id":"https:\/\/brillamedia.com\/#organization"},"image":{"@id":"https:\/\/brillamedia.com\/es\/2024\/12\/audible-nombra-la-serie-de-podcast-bistec-sobre-traicion-y-redencion-en-la-cuba-revolucionaria-como-una-de-sus-mejores-series-de-ficcion-de-2024\/#primaryimage"},"thumbnailUrl":"https:\/\/brillamedia.com\/wp-content\/uploads\/2025\/02\/post-audible-names.jpg","articleSection":["Noticias"],"inLanguage":"es","potentialAction":[{"@type":"CommentAction","name":"Comment","target":["https:\/\/brillamedia.com\/es\/2024\/12\/audible-nombra-la-serie-de-podcast-bistec-sobre-traicion-y-redencion-en-la-cuba-revolucionaria-como-una-de-sus-mejores-series-de-ficcion-de-2024\/#respond"]}]},{"@type":"WebPage","@id":"https:\/\/brillamedia.com\/es\/2024\/12\/audible-nombra-la-serie-de-podcast-bistec-sobre-traicion-y-redencion-en-la-cuba-revolucionaria-como-una-de-sus-mejores-series-de-ficcion-de-2024\/","url":"https:\/\/brillamedia.com\/es\/2024\/12\/audible-nombra-la-serie-de-podcast-bistec-sobre-traicion-y-redencion-en-la-cuba-revolucionaria-como-una-de-sus-mejores-series-de-ficcion-de-2024\/","name":"Audible nombra la serie de podcast \u2018Bistec\u2019 sobre traici\u00f3n y redenci\u00f3n en la Cuba revolucionaria como una de sus mejores series de ficci\u00f3n de 2024 - Brilla Media","isPartOf":{"@id":"https:\/\/brillamedia.com\/#website"},"primaryImageOfPage":{"@id":"https:\/\/brillamedia.com\/es\/2024\/12\/audible-nombra-la-serie-de-podcast-bistec-sobre-traicion-y-redencion-en-la-cuba-revolucionaria-como-una-de-sus-mejores-series-de-ficcion-de-2024\/#primaryimage"},"image":{"@id":"https:\/\/brillamedia.com\/es\/2024\/12\/audible-nombra-la-serie-de-podcast-bistec-sobre-traicion-y-redencion-en-la-cuba-revolucionaria-como-una-de-sus-mejores-series-de-ficcion-de-2024\/#primaryimage"},"thumbnailUrl":"https:\/\/brillamedia.com\/wp-content\/uploads\/2025\/02\/post-audible-names.jpg","datePublished":"2024-12-03T21:47:00+00:00","dateModified":"2025-02-26T21:15:21+00:00","breadcrumb":{"@id":"https:\/\/brillamedia.com\/es\/2024\/12\/audible-nombra-la-serie-de-podcast-bistec-sobre-traicion-y-redencion-en-la-cuba-revolucionaria-como-una-de-sus-mejores-series-de-ficcion-de-2024\/#breadcrumb"},"inLanguage":"es","potentialAction":[{"@type":"ReadAction","target":["https:\/\/brillamedia.com\/es\/2024\/12\/audible-nombra-la-serie-de-podcast-bistec-sobre-traicion-y-redencion-en-la-cuba-revolucionaria-como-una-de-sus-mejores-series-de-ficcion-de-2024\/"]}]},{"@type":"ImageObject","inLanguage":"es","@id":"https:\/\/brillamedia.com\/es\/2024\/12\/audible-nombra-la-serie-de-podcast-bistec-sobre-traicion-y-redencion-en-la-cuba-revolucionaria-como-una-de-sus-mejores-series-de-ficcion-de-2024\/#primaryimage","url":"https:\/\/brillamedia.com\/wp-content\/uploads\/2025\/02\/post-audible-names.jpg","contentUrl":"https:\/\/brillamedia.com\/wp-content\/uploads\/2025\/02\/post-audible-names.jpg","width":695,"height":463},{"@type":"BreadcrumbList","@id":"https:\/\/brillamedia.com\/es\/2024\/12\/audible-nombra-la-serie-de-podcast-bistec-sobre-traicion-y-redencion-en-la-cuba-revolucionaria-como-una-de-sus-mejores-series-de-ficcion-de-2024\/#breadcrumb","itemListElement":[{"@type":"ListItem","position":1,"name":"Home","item":"https:\/\/brillamedia.com\/es\/"},{"@type":"ListItem","position":2,"name":"Audible nombra la serie de podcast \u2018Bistec\u2019 sobre traici\u00f3n y redenci\u00f3n en la Cuba revolucionaria como una de sus mejores series de ficci\u00f3n de 2024"}]},{"@type":"WebSite","@id":"https:\/\/brillamedia.com\/#website","url":"https:\/\/brillamedia.com\/","name":"Brilla Media","description":"Diverse-Owned Media Company Devoted To Latino Heritage","publisher":{"@id":"https:\/\/brillamedia.com\/#organization"},"potentialAction":[{"@type":"SearchAction","target":{"@type":"EntryPoint","urlTemplate":"https:\/\/brillamedia.com\/?s={search_term_string}"},"query-input":{"@type":"PropertyValueSpecification","valueRequired":true,"valueName":"search_term_string"}}],"inLanguage":"es"},{"@type":"Organization","@id":"https:\/\/brillamedia.com\/#organization","name":"Brilla Media","url":"https:\/\/brillamedia.com\/","logo":{"@type":"ImageObject","inLanguage":"es","@id":"https:\/\/brillamedia.com\/#\/schema\/logo\/image\/","url":"https:\/\/brillamedia.com\/wp-content\/uploads\/2024\/08\/Brilla-Logo_2025.png","contentUrl":"https:\/\/brillamedia.com\/wp-content\/uploads\/2024\/08\/Brilla-Logo_2025.png","width":322,"height":213,"caption":"Brilla Media"},"image":{"@id":"https:\/\/brillamedia.com\/#\/schema\/logo\/image\/"}},{"@type":"Person","@id":"https:\/\/brillamedia.com\/#\/schema\/person\/8e8819b5570735c69de0cbb1e15086ee","name":"brillamediatech","image":{"@type":"ImageObject","inLanguage":"es","@id":"https:\/\/secure.gravatar.com\/avatar\/0452c05aa1ae00477129931c4ac7840a5061f7383223a1c9e5c75c82dd27d22b?s=96&d=mm&r=g","url":"https:\/\/secure.gravatar.com\/avatar\/0452c05aa1ae00477129931c4ac7840a5061f7383223a1c9e5c75c82dd27d22b?s=96&d=mm&r=g","contentUrl":"https:\/\/secure.gravatar.com\/avatar\/0452c05aa1ae00477129931c4ac7840a5061f7383223a1c9e5c75c82dd27d22b?s=96&d=mm&r=g","caption":"brillamediatech"},"sameAs":["https:\/\/brillamedia.com"],"url":"https:\/\/brillamedia.com\/es\/author\/brillamediatech\/"}]}},"_links":{"self":[{"href":"https:\/\/brillamedia.com\/es\/wp-json\/wp\/v2\/posts\/4234","targetHints":{"allow":["GET"]}}],"collection":[{"href":"https:\/\/brillamedia.com\/es\/wp-json\/wp\/v2\/posts"}],"about":[{"href":"https:\/\/brillamedia.com\/es\/wp-json\/wp\/v2\/types\/post"}],"author":[{"embeddable":true,"href":"https:\/\/brillamedia.com\/es\/wp-json\/wp\/v2\/users\/1"}],"replies":[{"embeddable":true,"href":"https:\/\/brillamedia.com\/es\/wp-json\/wp\/v2\/comments?post=4234"}],"version-history":[{"count":1,"href":"https:\/\/brillamedia.com\/es\/wp-json\/wp\/v2\/posts\/4234\/revisions"}],"predecessor-version":[{"id":4235,"href":"https:\/\/brillamedia.com\/es\/wp-json\/wp\/v2\/posts\/4234\/revisions\/4235"}],"wp:featuredmedia":[{"embeddable":true,"href":"https:\/\/brillamedia.com\/es\/wp-json\/wp\/v2\/media\/4131"}],"wp:attachment":[{"href":"https:\/\/brillamedia.com\/es\/wp-json\/wp\/v2\/media?parent=4234"}],"wp:term":[{"taxonomy":"category","embeddable":true,"href":"https:\/\/brillamedia.com\/es\/wp-json\/wp\/v2\/categories?post=4234"},{"taxonomy":"post_tag","embeddable":true,"href":"https:\/\/brillamedia.com\/es\/wp-json\/wp\/v2\/tags?post=4234"}],"curies":[{"name":"wp","href":"https:\/\/api.w.org\/{rel}","templated":true}]}}